{"id":11107,"date":"2020-07-01T10:54:02","date_gmt":"2020-07-01T09:54:02","guid":{"rendered":"https:\/\/kjellandersjoberg.se\/?p=11107"},"modified":"2021-04-28T15:02:13","modified_gmt":"2021-04-28T14:02:13","slug":"public-hearing-on-gustav-iii-square","status":"publish","type":"post","link":"https:\/\/kjellandersjoberg.se\/en\/posts\/public-hearing-on-gustav-iii-square\/","title":{"rendered":"Public hearing on Gustav III Square"},"content":{"rendered":"<p>KS is developing the Gustav III Square in central \u00d6stersund. The project is a collaboration with DI\u00d6S, \u00d6stersund Municipality and Krook &amp; Tj\u00e4der.<\/p>\n<p>The proposed development plan intends to transform the square into an attractive, vibrant, safe environment by making it accessible along with creating new public paths and places.<\/p>\n<p>Instead of its current function as a bus terminal, it will be developed into a mix of housing, offices, hotel, restaurants, and other public amenities.<\/p>\n<p>The scheme combines various typologies, scales and designs, with volumes stepping down from six to two floors in the east-west direction.<\/p>\n<p>Public hearing took place between 20<sup>th<\/sup> April and 15<sup>th<\/sup> June.<\/p>\n","protected":false},"excerpt":{"rendered":"<p>KS is developing the Gustav III Square in central \u00d6stersund. The project is a collaboration with DI\u00d6S, \u00d6stersund Municipality and Krook &amp; Tj\u00e4der. The proposed development plan intends to transform the square into an attractive, vibrant, safe environment by making it accessible along with creating new public paths and places. Instead of its current function [&hellip;]<\/p>\n","protected":false},"author":1,"featured_media":11105,"comment_status":"closed","ping_status":"closed","sticky":false,"template":"","format":"standard","meta":{"_acf_changed":false,"_relevanssi_hide_post":"","_relevanssi_hide_content":"","_relevanssi_pin_for_all":"","_relevanssi_pin_keywords":"","_relevanssi_unpin_keywords":"","_relevanssi_related_keywords":"","_relevanssi_related_include_ids":"","_relevanssi_related_exclude_ids":"","_relevanssi_related_no_append":"","_relevanssi_related_not_related":"","_relevanssi_related_posts":"","_relevanssi_noindex_reason":"","footnotes":""},"class_list":["post-11107","post","type-post","status-publish","format-standard","has-post-thumbnail","hentry","post_category-news"],"acf":[],"yoast_head":"<!-- This site is optimized with the Yoast SEO plugin v27.5 - https:\/\/yoast.com\/product\/yoast-seo-wordpress\/ -->\n<title>Public hearing on Gustav III Square | Kjellander Sj\u00f6berg Arkitektkontor<\/title>\n<meta name=\"robots\" content=\"index, follow, max-snippet:-1, max-image-preview:large, max-video-preview:-1\" \/>\n<link rel=\"canonical\" href=\"https:\/\/kjellandersjoberg.se\/en\/posts\/public-hearing-on-gustav-iii-square\/\" \/>\n<meta property=\"og:locale\" content=\"en_US\" \/>\n<meta property=\"og:type\" content=\"article\" \/>\n<meta property=\"og:title\" content=\"Public hearing on Gustav III Square | Kjellander Sj\u00f6berg Arkitektkontor\" \/>\n<meta property=\"og:description\" content=\"KS is developing the Gustav III Square in central \u00d6stersund. The project is a collaboration with DI\u00d6S, \u00d6stersund Municipality and Krook &amp; Tj\u00e4der. The proposed development plan intends to transform the square into an attractive, vibrant, safe environment by making it accessible along with creating new public paths and places. Instead of its current function [&hellip;]\" \/>\n<meta property=\"og:url\" content=\"https:\/\/kjellandersjoberg.se\/en\/posts\/public-hearing-on-gustav-iii-square\/\" \/>\n<meta property=\"og:site_name\" content=\"Kjellander Sj\u00f6berg Arkitektkontor\" \/>\n<meta property=\"article:publisher\" content=\"https:\/\/www.facebook.com\/KjellanderSjoberg\/\" \/>\n<meta property=\"article:published_time\" content=\"2020-07-01T09:54:02+00:00\" \/>\n<meta property=\"article:modified_time\" content=\"2021-04-28T14:02:13+00:00\" \/>\n<meta property=\"og:image\" content=\"https:\/\/kjellandersjoberg.se\/wp-content\/uploads\/2020\/06\/KjellanderSjoberg_GustavIIIsTorg_illustration_3600x2324px-900x581.jpg\" \/>\n\t<meta property=\"og:image:width\" content=\"900\" \/>\n\t<meta property=\"og:image:height\" content=\"581\" \/>\n\t<meta property=\"og:image:type\" content=\"image\/jpeg\" \/>\n<meta name=\"author\" content=\"ks\" \/>\n<meta name=\"twitter:card\" content=\"summary_large_image\" \/>\n<meta name=\"twitter:creator\" content=\"@ksark_\" \/>\n<meta name=\"twitter:site\" content=\"@ksark_\" \/>\n<meta name=\"twitter:label1\" content=\"Written by\" \/>\n\t<meta name=\"twitter:data1\" content=\"ks\" \/>\n\t<meta name=\"twitter:label2\" content=\"Est. reading time\" \/>\n\t<meta name=\"twitter:data2\" content=\"1 minute\" \/>\n<script type=\"application\/ld+json\" class=\"yoast-schema-graph\">{\"@context\":\"https:\\\/\\\/schema.org\",\"@graph\":[{\"@type\":\"Article\",\"@id\":\"https:\\\/\\\/kjellandersjoberg.se\\\/en\\\/posts\\\/public-hearing-on-gustav-iii-square\\\/#article\",\"isPartOf\":{\"@id\":\"https:\\\/\\\/kjellandersjoberg.se\\\/en\\\/posts\\\/public-hearing-on-gustav-iii-square\\\/\"},\"author\":{\"name\":\"ks\",\"@id\":\"https:\\\/\\\/kjellandersjoberg.se\\\/en\\\/#\\\/schema\\\/person\\\/467107261763073b4aee87372d01f948\"},\"headline\":\"Public hearing on Gustav III Square\",\"datePublished\":\"2020-07-01T09:54:02+00:00\",\"dateModified\":\"2021-04-28T14:02:13+00:00\",\"mainEntityOfPage\":{\"@id\":\"https:\\\/\\\/kjellandersjoberg.se\\\/en\\\/posts\\\/public-hearing-on-gustav-iii-square\\\/\"},\"wordCount\":114,\"publisher\":{\"@id\":\"https:\\\/\\\/kjellandersjoberg.se\\\/en\\\/#organization\"},\"image\":{\"@id\":\"https:\\\/\\\/kjellandersjoberg.se\\\/en\\\/posts\\\/public-hearing-on-gustav-iii-square\\\/#primaryimage\"},\"thumbnailUrl\":\"https:\\\/\\\/kjellandersjoberg.se\\\/wp-content\\\/uploads\\\/2020\\\/06\\\/KjellanderSjoberg_GustavIIIsTorg_illustration_3600x2324px.jpg\",\"inLanguage\":\"en-US\"},{\"@type\":\"WebPage\",\"@id\":\"https:\\\/\\\/kjellandersjoberg.se\\\/en\\\/posts\\\/public-hearing-on-gustav-iii-square\\\/\",\"url\":\"https:\\\/\\\/kjellandersjoberg.se\\\/en\\\/posts\\\/public-hearing-on-gustav-iii-square\\\/\",\"name\":\"Public hearing on Gustav III Square | Kjellander Sj\u00f6berg Arkitektkontor\",\"isPartOf\":{\"@id\":\"https:\\\/\\\/kjellandersjoberg.se\\\/en\\\/#website\"},\"primaryImageOfPage\":{\"@id\":\"https:\\\/\\\/kjellandersjoberg.se\\\/en\\\/posts\\\/public-hearing-on-gustav-iii-square\\\/#primaryimage\"},\"image\":{\"@id\":\"https:\\\/\\\/kjellandersjoberg.se\\\/en\\\/posts\\\/public-hearing-on-gustav-iii-square\\\/#primaryimage\"},\"thumbnailUrl\":\"https:\\\/\\\/kjellandersjoberg.se\\\/wp-content\\\/uploads\\\/2020\\\/06\\\/KjellanderSjoberg_GustavIIIsTorg_illustration_3600x2324px.jpg\",\"datePublished\":\"2020-07-01T09:54:02+00:00\",\"dateModified\":\"2021-04-28T14:02:13+00:00\",\"breadcrumb\":{\"@id\":\"https:\\\/\\\/kjellandersjoberg.se\\\/en\\\/posts\\\/public-hearing-on-gustav-iii-square\\\/#breadcrumb\"},\"inLanguage\":\"en-US\",\"potentialAction\":[{\"@type\":\"ReadAction\",\"target\":[\"https:\\\/\\\/kjellandersjoberg.se\\\/en\\\/posts\\\/public-hearing-on-gustav-iii-square\\\/\"]}]},{\"@type\":\"ImageObject\",\"inLanguage\":\"en-US\",\"@id\":\"https:\\\/\\\/kjellandersjoberg.se\\\/en\\\/posts\\\/public-hearing-on-gustav-iii-square\\\/#primaryimage\",\"url\":\"https:\\\/\\\/kjellandersjoberg.se\\\/wp-content\\\/uploads\\\/2020\\\/06\\\/KjellanderSjoberg_GustavIIIsTorg_illustration_3600x2324px.jpg\",\"contentUrl\":\"https:\\\/\\\/kjellandersjoberg.se\\\/wp-content\\\/uploads\\\/2020\\\/06\\\/KjellanderSjoberg_GustavIIIsTorg_illustration_3600x2324px.jpg\",\"width\":3600,\"height\":2324},{\"@type\":\"BreadcrumbList\",\"@id\":\"https:\\\/\\\/kjellandersjoberg.se\\\/en\\\/posts\\\/public-hearing-on-gustav-iii-square\\\/#breadcrumb\",\"itemListElement\":[{\"@type\":\"ListItem\",\"position\":1,\"name\":\"Home\",\"item\":\"https:\\\/\\\/kjellandersjoberg.se\\\/en\\\/\"},{\"@type\":\"ListItem\",\"position\":2,\"name\":\"Public hearing on Gustav III Square\"}]},{\"@type\":\"WebSite\",\"@id\":\"https:\\\/\\\/kjellandersjoberg.se\\\/en\\\/#website\",\"url\":\"https:\\\/\\\/kjellandersjoberg.se\\\/en\\\/\",\"name\":\"Kjellander Sj\u00f6berg\",\"description\":\"\",\"publisher\":{\"@id\":\"https:\\\/\\\/kjellandersjoberg.se\\\/en\\\/#organization\"},\"alternateName\":\"KS\",\"potentialAction\":[{\"@type\":\"SearchAction\",\"target\":{\"@type\":\"EntryPoint\",\"urlTemplate\":\"https:\\\/\\\/kjellandersjoberg.se\\\/en\\\/?s={search_term_string}\"},\"query-input\":{\"@type\":\"PropertyValueSpecification\",\"valueRequired\":true,\"valueName\":\"search_term_string\"}}],\"inLanguage\":\"en-US\"},{\"@type\":\"Organization\",\"@id\":\"https:\\\/\\\/kjellandersjoberg.se\\\/en\\\/#organization\",\"name\":\"Kjellander Sj\u00f6berg\",\"alternateName\":\"KS\",\"url\":\"https:\\\/\\\/kjellandersjoberg.se\\\/en\\\/\",\"logo\":{\"@type\":\"ImageObject\",\"inLanguage\":\"en-US\",\"@id\":\"https:\\\/\\\/kjellandersjoberg.se\\\/en\\\/#\\\/schema\\\/logo\\\/image\\\/\",\"url\":\"https:\\\/\\\/kjellandersjoberg.se\\\/wp-content\\\/uploads\\\/2022\\\/10\\\/KS-logotype-reccommended-size_A3.jpg\",\"contentUrl\":\"https:\\\/\\\/kjellandersjoberg.se\\\/wp-content\\\/uploads\\\/2022\\\/10\\\/KS-logotype-reccommended-size_A3.jpg\",\"width\":1110,\"height\":263,\"caption\":\"Kjellander Sj\u00f6berg\"},\"image\":{\"@id\":\"https:\\\/\\\/kjellandersjoberg.se\\\/en\\\/#\\\/schema\\\/logo\\\/image\\\/\"},\"sameAs\":[\"https:\\\/\\\/www.facebook.com\\\/KjellanderSjoberg\\\/\",\"https:\\\/\\\/x.com\\\/ksark_\",\"https:\\\/\\\/www.instagram.com\\\/kjellandersjoberg\\\/\",\"https:\\\/\\\/www.linkedin.com\\\/company\\\/605832\\\/admin\\\/\",\"https:\\\/\\\/www.pinterest.se\\\/kjellandersjobe\\\/\",\"https:\\\/\\\/vimeo.com\\\/kjellandersjoberg\"]},{\"@type\":\"Person\",\"@id\":\"https:\\\/\\\/kjellandersjoberg.se\\\/en\\\/#\\\/schema\\\/person\\\/467107261763073b4aee87372d01f948\",\"name\":\"ks\",\"url\":\"https:\\\/\\\/kjellandersjoberg.se\\\/en\\\/posts\\\/author\\\/ks\\\/\"}]}<\/script>\n<!-- \/ Yoast SEO plugin. -->","yoast_head_json":{"title":"Public hearing on Gustav III Square | Kjellander Sj\u00f6berg Arkitektkontor","robots":{"index":"index","follow":"follow","max-snippet":"max-snippet:-1","max-image-preview":"max-image-preview:large","max-video-preview":"max-video-preview:-1"},"canonical":"https:\/\/kjellandersjoberg.se\/en\/posts\/public-hearing-on-gustav-iii-square\/","og_locale":"en_US","og_type":"article","og_title":"Public hearing on Gustav III Square | Kjellander Sj\u00f6berg Arkitektkontor","og_description":"KS is developing the Gustav III Square in central \u00d6stersund. The project is a collaboration with DI\u00d6S, \u00d6stersund Municipality and Krook &amp; Tj\u00e4der. The proposed development plan intends to transform the square into an attractive, vibrant, safe environment by making it accessible along with creating new public paths and places. Instead of its current function [&hellip;]","og_url":"https:\/\/kjellandersjoberg.se\/en\/posts\/public-hearing-on-gustav-iii-square\/","og_site_name":"Kjellander Sj\u00f6berg Arkitektkontor","article_publisher":"https:\/\/www.facebook.com\/KjellanderSjoberg\/","article_published_time":"2020-07-01T09:54:02+00:00","article_modified_time":"2021-04-28T14:02:13+00:00","og_image":[{"width":900,"height":581,"url":"https:\/\/kjellandersjoberg.se\/wp-content\/uploads\/2020\/06\/KjellanderSjoberg_GustavIIIsTorg_illustration_3600x2324px-900x581.jpg","type":"image\/jpeg"}],"author":"ks","twitter_card":"summary_large_image","twitter_creator":"@ksark_","twitter_site":"@ksark_","twitter_misc":{"Written by":"ks","Est. reading time":"1 minute"},"schema":{"@context":"https:\/\/schema.org","@graph":[{"@type":"Article","@id":"https:\/\/kjellandersjoberg.se\/en\/posts\/public-hearing-on-gustav-iii-square\/#article","isPartOf":{"@id":"https:\/\/kjellandersjoberg.se\/en\/posts\/public-hearing-on-gustav-iii-square\/"},"author":{"name":"ks","@id":"https:\/\/kjellandersjoberg.se\/en\/#\/schema\/person\/467107261763073b4aee87372d01f948"},"headline":"Public hearing on Gustav III Square","datePublished":"2020-07-01T09:54:02+00:00","dateModified":"2021-04-28T14:02:13+00:00","mainEntityOfPage":{"@id":"https:\/\/kjellandersjoberg.se\/en\/posts\/public-hearing-on-gustav-iii-square\/"},"wordCount":114,"publisher":{"@id":"https:\/\/kjellandersjoberg.se\/en\/#organization"},"image":{"@id":"https:\/\/kjellandersjoberg.se\/en\/posts\/public-hearing-on-gustav-iii-square\/#primaryimage"},"thumbnailUrl":"https:\/\/kjellandersjoberg.se\/wp-content\/uploads\/2020\/06\/KjellanderSjoberg_GustavIIIsTorg_illustration_3600x2324px.jpg","inLanguage":"en-US"},{"@type":"WebPage","@id":"https:\/\/kjellandersjoberg.se\/en\/posts\/public-hearing-on-gustav-iii-square\/","url":"https:\/\/kjellandersjoberg.se\/en\/posts\/public-hearing-on-gustav-iii-square\/","name":"Public hearing on Gustav III Square | Kjellander Sj\u00f6berg Arkitektkontor","isPartOf":{"@id":"https:\/\/kjellandersjoberg.se\/en\/#website"},"primaryImageOfPage":{"@id":"https:\/\/kjellandersjoberg.se\/en\/posts\/public-hearing-on-gustav-iii-square\/#primaryimage"},"image":{"@id":"https:\/\/kjellandersjoberg.se\/en\/posts\/public-hearing-on-gustav-iii-square\/#primaryimage"},"thumbnailUrl":"https:\/\/kjellandersjoberg.se\/wp-content\/uploads\/2020\/06\/KjellanderSjoberg_GustavIIIsTorg_illustration_3600x2324px.jpg","datePublished":"2020-07-01T09:54:02+00:00","dateModified":"2021-04-28T14:02:13+00:00","breadcrumb":{"@id":"https:\/\/kjellandersjoberg.se\/en\/posts\/public-hearing-on-gustav-iii-square\/#breadcrumb"},"inLanguage":"en-US","potentialAction":[{"@type":"ReadAction","target":["https:\/\/kjellandersjoberg.se\/en\/posts\/public-hearing-on-gustav-iii-square\/"]}]},{"@type":"ImageObject","inLanguage":"en-US","@id":"https:\/\/kjellandersjoberg.se\/en\/posts\/public-hearing-on-gustav-iii-square\/#primaryimage","url":"https:\/\/kjellandersjoberg.se\/wp-content\/uploads\/2020\/06\/KjellanderSjoberg_GustavIIIsTorg_illustration_3600x2324px.jpg","contentUrl":"https:\/\/kjellandersjoberg.se\/wp-content\/uploads\/2020\/06\/KjellanderSjoberg_GustavIIIsTorg_illustration_3600x2324px.jpg","width":3600,"height":2324},{"@type":"BreadcrumbList","@id":"https:\/\/kjellandersjoberg.se\/en\/posts\/public-hearing-on-gustav-iii-square\/#breadcrumb","itemListElement":[{"@type":"ListItem","position":1,"name":"Home","item":"https:\/\/kjellandersjoberg.se\/en\/"},{"@type":"ListItem","position":2,"name":"Public hearing on Gustav III Square"}]},{"@type":"WebSite","@id":"https:\/\/kjellandersjoberg.se\/en\/#website","url":"https:\/\/kjellandersjoberg.se\/en\/","name":"Kjellander Sj\u00f6berg","description":"","publisher":{"@id":"https:\/\/kjellandersjoberg.se\/en\/#organization"},"alternateName":"KS","potentialAction":[{"@type":"SearchAction","target":{"@type":"EntryPoint","urlTemplate":"https:\/\/kjellandersjoberg.se\/en\/?s={search_term_string}"},"query-input":{"@type":"PropertyValueSpecification","valueRequired":true,"valueName":"search_term_string"}}],"inLanguage":"en-US"},{"@type":"Organization","@id":"https:\/\/kjellandersjoberg.se\/en\/#organization","name":"Kjellander Sj\u00f6berg","alternateName":"KS","url":"https:\/\/kjellandersjoberg.se\/en\/","logo":{"@type":"ImageObject","inLanguage":"en-US","@id":"https:\/\/kjellandersjoberg.se\/en\/#\/schema\/logo\/image\/","url":"https:\/\/kjellandersjoberg.se\/wp-content\/uploads\/2022\/10\/KS-logotype-reccommended-size_A3.jpg","contentUrl":"https:\/\/kjellandersjoberg.se\/wp-content\/uploads\/2022\/10\/KS-logotype-reccommended-size_A3.jpg","width":1110,"height":263,"caption":"Kjellander Sj\u00f6berg"},"image":{"@id":"https:\/\/kjellandersjoberg.se\/en\/#\/schema\/logo\/image\/"},"sameAs":["https:\/\/www.facebook.com\/KjellanderSjoberg\/","https:\/\/x.com\/ksark_","https:\/\/www.instagram.com\/kjellandersjoberg\/","https:\/\/www.linkedin.com\/company\/605832\/admin\/","https:\/\/www.pinterest.se\/kjellandersjobe\/","https:\/\/vimeo.com\/kjellandersjoberg"]},{"@type":"Person","@id":"https:\/\/kjellandersjoberg.se\/en\/#\/schema\/person\/467107261763073b4aee87372d01f948","name":"ks","url":"https:\/\/kjellandersjoberg.se\/en\/posts\/author\/ks\/"}]}},"_links":{"self":[{"href":"https:\/\/kjellandersjoberg.se\/en\/wp-json\/wp\/v2\/posts\/11107","targetHints":{"allow":["GET"]}}],"collection":[{"href":"https:\/\/kjellandersjoberg.se\/en\/wp-json\/wp\/v2\/posts"}],"about":[{"href":"https:\/\/kjellandersjoberg.se\/en\/wp-json\/wp\/v2\/types\/post"}],"author":[{"embeddable":true,"href":"https:\/\/kjellandersjoberg.se\/en\/wp-json\/wp\/v2\/users\/1"}],"replies":[{"embeddable":true,"href":"https:\/\/kjellandersjoberg.se\/en\/wp-json\/wp\/v2\/comments?post=11107"}],"version-history":[{"count":3,"href":"https:\/\/kjellandersjoberg.se\/en\/wp-json\/wp\/v2\/posts\/11107\/revisions"}],"predecessor-version":[{"id":12069,"href":"https:\/\/kjellandersjoberg.se\/en\/wp-json\/wp\/v2\/posts\/11107\/revisions\/12069"}],"wp:featuredmedia":[{"embeddable":true,"href":"https:\/\/kjellandersjoberg.se\/en\/wp-json\/wp\/v2\/media\/11105"}],"wp:attachment":[{"href":"https:\/\/kjellandersjoberg.se\/en\/wp-json\/wp\/v2\/media?parent=11107"}],"curies":[{"name":"wp","href":"https:\/\/api.w.org\/{rel}","templated":true}]}}