{"id":23021,"date":"2025-02-28T12:40:52","date_gmt":"2025-02-28T11:40:52","guid":{"rendered":"https:\/\/kjellandersjoberg.se\/?p=23021"},"modified":"2025-02-28T12:39:27","modified_gmt":"2025-02-28T11:39:27","slug":"swedish-architects-declare-climate-biodiversity-emergency-2","status":"publish","type":"post","link":"https:\/\/kjellandersjoberg.se\/en\/posts\/swedish-architects-declare-climate-biodiversity-emergency-2\/","title":{"rendered":"Swedish Architects Declare Climate &#038; Biodiversity Emergency"},"content":{"rendered":"<p>Kjellander Sj\u00f6berg, as part of the Architects Declare initiative, will host the first networking event in 2025 in Malm\u00f6. On Tuesday, 4th March from 12-1 pm, the new series of monthly lunch meetings will kick off. These sessions, held simultaneously in Malm\u00f6, Stockholm and G\u00f6teborg, will take place every first Tuesday of each month for all participant of Architects Declare to discuss the 12 commitments of call to action, two points at a time.<\/p>\n<p>Architects Declare is a network of architectural practices committed to addressing the climate and biodiversity emergency. The initiative was launched in the UK in the spring of 2019 and has now spread to more than 28 countries around the world. Swedish Architects Declare has been signed by over 300 Swedish architectural practices.<\/p>\n","protected":false},"excerpt":{"rendered":"<p>Kjellander Sj\u00f6berg, as part of the Architects Declare initiative, will host the first networking event in 2025 in Malm\u00f6. On Tuesday, 4th March from 12-1 pm, the new series of monthly lunch meetings will kick off. These sessions, held simultaneously in Malm\u00f6, Stockholm and G\u00f6teborg, will take place every first Tuesday of each month for [&hellip;]<\/p>\n","protected":false},"author":8,"featured_media":23019,"comment_status":"closed","ping_status":"open","sticky":false,"template":"","format":"standard","meta":{"_acf_changed":false,"_relevanssi_hide_post":"","_relevanssi_hide_content":"","_relevanssi_pin_for_all":"","_relevanssi_pin_keywords":"","_relevanssi_unpin_keywords":"","_relevanssi_related_keywords":"","_relevanssi_related_include_ids":"","_relevanssi_related_exclude_ids":"","_relevanssi_related_no_append":"","_relevanssi_related_not_related":"","_relevanssi_related_posts":"","_relevanssi_noindex_reason":"","footnotes":""},"class_list":["post-23021","post","type-post","status-publish","format-standard","has-post-thumbnail","hentry","post_category-events-en","post_category-news"],"acf":[],"yoast_head":"<!-- This site is optimized with the Yoast SEO plugin v27.5 - https:\/\/yoast.com\/product\/yoast-seo-wordpress\/ -->\n<title>Swedish Architects Declare Climate &amp; Biodiversity Emergency | Kjellander Sj\u00f6berg Arkitektkontor<\/title>\n<meta name=\"robots\" content=\"index, follow, max-snippet:-1, max-image-preview:large, max-video-preview:-1\" \/>\n<link rel=\"canonical\" href=\"https:\/\/kjellandersjoberg.se\/en\/posts\/swedish-architects-declare-climate-biodiversity-emergency-2\/\" \/>\n<meta property=\"og:locale\" content=\"en_US\" \/>\n<meta property=\"og:type\" content=\"article\" \/>\n<meta property=\"og:title\" content=\"Swedish Architects Declare Climate &amp; Biodiversity Emergency | Kjellander Sj\u00f6berg Arkitektkontor\" \/>\n<meta property=\"og:description\" content=\"Kjellander Sj\u00f6berg, as part of the Architects Declare initiative, will host the first networking event in 2025 in Malm\u00f6. On Tuesday, 4th March from 12-1 pm, the new series of monthly lunch meetings will kick off. These sessions, held simultaneously in Malm\u00f6, Stockholm and G\u00f6teborg, will take place every first Tuesday of each month for [&hellip;]\" \/>\n<meta property=\"og:url\" content=\"https:\/\/kjellandersjoberg.se\/en\/posts\/swedish-architects-declare-climate-biodiversity-emergency-2\/\" \/>\n<meta property=\"og:site_name\" content=\"Kjellander Sj\u00f6berg Arkitektkontor\" \/>\n<meta property=\"article:publisher\" content=\"https:\/\/www.facebook.com\/KjellanderSjoberg\/\" \/>\n<meta property=\"article:published_time\" content=\"2025-02-28T11:40:52+00:00\" \/>\n<meta property=\"og:image\" content=\"https:\/\/kjellandersjoberg.se\/wp-content\/uploads\/2025\/02\/KjellanderSjoberg_Architects-Declare-1400x904.jpg\" \/>\n\t<meta property=\"og:image:width\" content=\"1400\" \/>\n\t<meta property=\"og:image:height\" content=\"904\" \/>\n\t<meta property=\"og:image:type\" content=\"image\/jpeg\" \/>\n<meta name=\"author\" content=\"Jakub J\u00edlek\" \/>\n<meta name=\"twitter:card\" content=\"summary_large_image\" \/>\n<meta name=\"twitter:creator\" content=\"@ksark_\" \/>\n<meta name=\"twitter:site\" content=\"@ksark_\" \/>\n<meta name=\"twitter:label1\" content=\"Written by\" \/>\n\t<meta name=\"twitter:data1\" content=\"Jakub J\u00edlek\" \/>\n\t<meta name=\"twitter:label2\" content=\"Est. reading time\" \/>\n\t<meta name=\"twitter:data2\" content=\"1 minute\" \/>\n<script type=\"application\/ld+json\" class=\"yoast-schema-graph\">{\"@context\":\"https:\\\/\\\/schema.org\",\"@graph\":[{\"@type\":\"Article\",\"@id\":\"https:\\\/\\\/kjellandersjoberg.se\\\/en\\\/posts\\\/swedish-architects-declare-climate-biodiversity-emergency-2\\\/#article\",\"isPartOf\":{\"@id\":\"https:\\\/\\\/kjellandersjoberg.se\\\/en\\\/posts\\\/swedish-architects-declare-climate-biodiversity-emergency-2\\\/\"},\"author\":{\"name\":\"Jakub J\u00edlek\",\"@id\":\"https:\\\/\\\/kjellandersjoberg.se\\\/en\\\/#\\\/schema\\\/person\\\/01b33480a784a65db8bd88430ec43d9b\"},\"headline\":\"Swedish Architects Declare Climate &#038; Biodiversity Emergency\",\"datePublished\":\"2025-02-28T11:40:52+00:00\",\"mainEntityOfPage\":{\"@id\":\"https:\\\/\\\/kjellandersjoberg.se\\\/en\\\/posts\\\/swedish-architects-declare-climate-biodiversity-emergency-2\\\/\"},\"wordCount\":129,\"publisher\":{\"@id\":\"https:\\\/\\\/kjellandersjoberg.se\\\/en\\\/#organization\"},\"image\":{\"@id\":\"https:\\\/\\\/kjellandersjoberg.se\\\/en\\\/posts\\\/swedish-architects-declare-climate-biodiversity-emergency-2\\\/#primaryimage\"},\"thumbnailUrl\":\"https:\\\/\\\/kjellandersjoberg.se\\\/wp-content\\\/uploads\\\/2025\\\/02\\\/KjellanderSjoberg_Architects-Declare.jpg\",\"inLanguage\":\"en-US\"},{\"@type\":\"WebPage\",\"@id\":\"https:\\\/\\\/kjellandersjoberg.se\\\/en\\\/posts\\\/swedish-architects-declare-climate-biodiversity-emergency-2\\\/\",\"url\":\"https:\\\/\\\/kjellandersjoberg.se\\\/en\\\/posts\\\/swedish-architects-declare-climate-biodiversity-emergency-2\\\/\",\"name\":\"Swedish Architects Declare Climate & Biodiversity Emergency | Kjellander Sj\u00f6berg Arkitektkontor\",\"isPartOf\":{\"@id\":\"https:\\\/\\\/kjellandersjoberg.se\\\/en\\\/#website\"},\"primaryImageOfPage\":{\"@id\":\"https:\\\/\\\/kjellandersjoberg.se\\\/en\\\/posts\\\/swedish-architects-declare-climate-biodiversity-emergency-2\\\/#primaryimage\"},\"image\":{\"@id\":\"https:\\\/\\\/kjellandersjoberg.se\\\/en\\\/posts\\\/swedish-architects-declare-climate-biodiversity-emergency-2\\\/#primaryimage\"},\"thumbnailUrl\":\"https:\\\/\\\/kjellandersjoberg.se\\\/wp-content\\\/uploads\\\/2025\\\/02\\\/KjellanderSjoberg_Architects-Declare.jpg\",\"datePublished\":\"2025-02-28T11:40:52+00:00\",\"breadcrumb\":{\"@id\":\"https:\\\/\\\/kjellandersjoberg.se\\\/en\\\/posts\\\/swedish-architects-declare-climate-biodiversity-emergency-2\\\/#breadcrumb\"},\"inLanguage\":\"en-US\",\"potentialAction\":[{\"@type\":\"ReadAction\",\"target\":[\"https:\\\/\\\/kjellandersjoberg.se\\\/en\\\/posts\\\/swedish-architects-declare-climate-biodiversity-emergency-2\\\/\"]}]},{\"@type\":\"ImageObject\",\"inLanguage\":\"en-US\",\"@id\":\"https:\\\/\\\/kjellandersjoberg.se\\\/en\\\/posts\\\/swedish-architects-declare-climate-biodiversity-emergency-2\\\/#primaryimage\",\"url\":\"https:\\\/\\\/kjellandersjoberg.se\\\/wp-content\\\/uploads\\\/2025\\\/02\\\/KjellanderSjoberg_Architects-Declare.jpg\",\"contentUrl\":\"https:\\\/\\\/kjellandersjoberg.se\\\/wp-content\\\/uploads\\\/2025\\\/02\\\/KjellanderSjoberg_Architects-Declare.jpg\",\"width\":3600,\"height\":2324},{\"@type\":\"BreadcrumbList\",\"@id\":\"https:\\\/\\\/kjellandersjoberg.se\\\/en\\\/posts\\\/swedish-architects-declare-climate-biodiversity-emergency-2\\\/#breadcrumb\",\"itemListElement\":[{\"@type\":\"ListItem\",\"position\":1,\"name\":\"Home\",\"item\":\"https:\\\/\\\/kjellandersjoberg.se\\\/en\\\/\"},{\"@type\":\"ListItem\",\"position\":2,\"name\":\"Swedish Architects Declare Climate &#038; Biodiversity Emergency\"}]},{\"@type\":\"WebSite\",\"@id\":\"https:\\\/\\\/kjellandersjoberg.se\\\/en\\\/#website\",\"url\":\"https:\\\/\\\/kjellandersjoberg.se\\\/en\\\/\",\"name\":\"Kjellander Sj\u00f6berg\",\"description\":\"\",\"publisher\":{\"@id\":\"https:\\\/\\\/kjellandersjoberg.se\\\/en\\\/#organization\"},\"alternateName\":\"KS\",\"potentialAction\":[{\"@type\":\"SearchAction\",\"target\":{\"@type\":\"EntryPoint\",\"urlTemplate\":\"https:\\\/\\\/kjellandersjoberg.se\\\/en\\\/?s={search_term_string}\"},\"query-input\":{\"@type\":\"PropertyValueSpecification\",\"valueRequired\":true,\"valueName\":\"search_term_string\"}}],\"inLanguage\":\"en-US\"},{\"@type\":\"Organization\",\"@id\":\"https:\\\/\\\/kjellandersjoberg.se\\\/en\\\/#organization\",\"name\":\"Kjellander Sj\u00f6berg\",\"alternateName\":\"KS\",\"url\":\"https:\\\/\\\/kjellandersjoberg.se\\\/en\\\/\",\"logo\":{\"@type\":\"ImageObject\",\"inLanguage\":\"en-US\",\"@id\":\"https:\\\/\\\/kjellandersjoberg.se\\\/en\\\/#\\\/schema\\\/logo\\\/image\\\/\",\"url\":\"https:\\\/\\\/kjellandersjoberg.se\\\/wp-content\\\/uploads\\\/2022\\\/10\\\/KS-logotype-reccommended-size_A3.jpg\",\"contentUrl\":\"https:\\\/\\\/kjellandersjoberg.se\\\/wp-content\\\/uploads\\\/2022\\\/10\\\/KS-logotype-reccommended-size_A3.jpg\",\"width\":1110,\"height\":263,\"caption\":\"Kjellander Sj\u00f6berg\"},\"image\":{\"@id\":\"https:\\\/\\\/kjellandersjoberg.se\\\/en\\\/#\\\/schema\\\/logo\\\/image\\\/\"},\"sameAs\":[\"https:\\\/\\\/www.facebook.com\\\/KjellanderSjoberg\\\/\",\"https:\\\/\\\/x.com\\\/ksark_\",\"https:\\\/\\\/www.instagram.com\\\/kjellandersjoberg\\\/\",\"https:\\\/\\\/www.linkedin.com\\\/company\\\/605832\\\/admin\\\/\",\"https:\\\/\\\/www.pinterest.se\\\/kjellandersjobe\\\/\",\"https:\\\/\\\/vimeo.com\\\/kjellandersjoberg\"]},{\"@type\":\"Person\",\"@id\":\"https:\\\/\\\/kjellandersjoberg.se\\\/en\\\/#\\\/schema\\\/person\\\/01b33480a784a65db8bd88430ec43d9b\",\"name\":\"Jakub J\u00edlek\",\"url\":\"https:\\\/\\\/kjellandersjoberg.se\\\/en\\\/posts\\\/author\\\/jakub-j\\\/\"}]}<\/script>\n<!-- \/ Yoast SEO plugin. -->","yoast_head_json":{"title":"Swedish Architects Declare Climate & Biodiversity Emergency | Kjellander Sj\u00f6berg Arkitektkontor","robots":{"index":"index","follow":"follow","max-snippet":"max-snippet:-1","max-image-preview":"max-image-preview:large","max-video-preview":"max-video-preview:-1"},"canonical":"https:\/\/kjellandersjoberg.se\/en\/posts\/swedish-architects-declare-climate-biodiversity-emergency-2\/","og_locale":"en_US","og_type":"article","og_title":"Swedish Architects Declare Climate & Biodiversity Emergency | Kjellander Sj\u00f6berg Arkitektkontor","og_description":"Kjellander Sj\u00f6berg, as part of the Architects Declare initiative, will host the first networking event in 2025 in Malm\u00f6. On Tuesday, 4th March from 12-1 pm, the new series of monthly lunch meetings will kick off. These sessions, held simultaneously in Malm\u00f6, Stockholm and G\u00f6teborg, will take place every first Tuesday of each month for [&hellip;]","og_url":"https:\/\/kjellandersjoberg.se\/en\/posts\/swedish-architects-declare-climate-biodiversity-emergency-2\/","og_site_name":"Kjellander Sj\u00f6berg Arkitektkontor","article_publisher":"https:\/\/www.facebook.com\/KjellanderSjoberg\/","article_published_time":"2025-02-28T11:40:52+00:00","og_image":[{"width":1400,"height":904,"url":"https:\/\/kjellandersjoberg.se\/wp-content\/uploads\/2025\/02\/KjellanderSjoberg_Architects-Declare-1400x904.jpg","type":"image\/jpeg"}],"author":"Jakub J\u00edlek","twitter_card":"summary_large_image","twitter_creator":"@ksark_","twitter_site":"@ksark_","twitter_misc":{"Written by":"Jakub J\u00edlek","Est. reading time":"1 minute"},"schema":{"@context":"https:\/\/schema.org","@graph":[{"@type":"Article","@id":"https:\/\/kjellandersjoberg.se\/en\/posts\/swedish-architects-declare-climate-biodiversity-emergency-2\/#article","isPartOf":{"@id":"https:\/\/kjellandersjoberg.se\/en\/posts\/swedish-architects-declare-climate-biodiversity-emergency-2\/"},"author":{"name":"Jakub J\u00edlek","@id":"https:\/\/kjellandersjoberg.se\/en\/#\/schema\/person\/01b33480a784a65db8bd88430ec43d9b"},"headline":"Swedish Architects Declare Climate &#038; Biodiversity Emergency","datePublished":"2025-02-28T11:40:52+00:00","mainEntityOfPage":{"@id":"https:\/\/kjellandersjoberg.se\/en\/posts\/swedish-architects-declare-climate-biodiversity-emergency-2\/"},"wordCount":129,"publisher":{"@id":"https:\/\/kjellandersjoberg.se\/en\/#organization"},"image":{"@id":"https:\/\/kjellandersjoberg.se\/en\/posts\/swedish-architects-declare-climate-biodiversity-emergency-2\/#primaryimage"},"thumbnailUrl":"https:\/\/kjellandersjoberg.se\/wp-content\/uploads\/2025\/02\/KjellanderSjoberg_Architects-Declare.jpg","inLanguage":"en-US"},{"@type":"WebPage","@id":"https:\/\/kjellandersjoberg.se\/en\/posts\/swedish-architects-declare-climate-biodiversity-emergency-2\/","url":"https:\/\/kjellandersjoberg.se\/en\/posts\/swedish-architects-declare-climate-biodiversity-emergency-2\/","name":"Swedish Architects Declare Climate & Biodiversity Emergency | Kjellander Sj\u00f6berg Arkitektkontor","isPartOf":{"@id":"https:\/\/kjellandersjoberg.se\/en\/#website"},"primaryImageOfPage":{"@id":"https:\/\/kjellandersjoberg.se\/en\/posts\/swedish-architects-declare-climate-biodiversity-emergency-2\/#primaryimage"},"image":{"@id":"https:\/\/kjellandersjoberg.se\/en\/posts\/swedish-architects-declare-climate-biodiversity-emergency-2\/#primaryimage"},"thumbnailUrl":"https:\/\/kjellandersjoberg.se\/wp-content\/uploads\/2025\/02\/KjellanderSjoberg_Architects-Declare.jpg","datePublished":"2025-02-28T11:40:52+00:00","breadcrumb":{"@id":"https:\/\/kjellandersjoberg.se\/en\/posts\/swedish-architects-declare-climate-biodiversity-emergency-2\/#breadcrumb"},"inLanguage":"en-US","potentialAction":[{"@type":"ReadAction","target":["https:\/\/kjellandersjoberg.se\/en\/posts\/swedish-architects-declare-climate-biodiversity-emergency-2\/"]}]},{"@type":"ImageObject","inLanguage":"en-US","@id":"https:\/\/kjellandersjoberg.se\/en\/posts\/swedish-architects-declare-climate-biodiversity-emergency-2\/#primaryimage","url":"https:\/\/kjellandersjoberg.se\/wp-content\/uploads\/2025\/02\/KjellanderSjoberg_Architects-Declare.jpg","contentUrl":"https:\/\/kjellandersjoberg.se\/wp-content\/uploads\/2025\/02\/KjellanderSjoberg_Architects-Declare.jpg","width":3600,"height":2324},{"@type":"BreadcrumbList","@id":"https:\/\/kjellandersjoberg.se\/en\/posts\/swedish-architects-declare-climate-biodiversity-emergency-2\/#breadcrumb","itemListElement":[{"@type":"ListItem","position":1,"name":"Home","item":"https:\/\/kjellandersjoberg.se\/en\/"},{"@type":"ListItem","position":2,"name":"Swedish Architects Declare Climate &#038; Biodiversity Emergency"}]},{"@type":"WebSite","@id":"https:\/\/kjellandersjoberg.se\/en\/#website","url":"https:\/\/kjellandersjoberg.se\/en\/","name":"Kjellander Sj\u00f6berg","description":"","publisher":{"@id":"https:\/\/kjellandersjoberg.se\/en\/#organization"},"alternateName":"KS","potentialAction":[{"@type":"SearchAction","target":{"@type":"EntryPoint","urlTemplate":"https:\/\/kjellandersjoberg.se\/en\/?s={search_term_string}"},"query-input":{"@type":"PropertyValueSpecification","valueRequired":true,"valueName":"search_term_string"}}],"inLanguage":"en-US"},{"@type":"Organization","@id":"https:\/\/kjellandersjoberg.se\/en\/#organization","name":"Kjellander Sj\u00f6berg","alternateName":"KS","url":"https:\/\/kjellandersjoberg.se\/en\/","logo":{"@type":"ImageObject","inLanguage":"en-US","@id":"https:\/\/kjellandersjoberg.se\/en\/#\/schema\/logo\/image\/","url":"https:\/\/kjellandersjoberg.se\/wp-content\/uploads\/2022\/10\/KS-logotype-reccommended-size_A3.jpg","contentUrl":"https:\/\/kjellandersjoberg.se\/wp-content\/uploads\/2022\/10\/KS-logotype-reccommended-size_A3.jpg","width":1110,"height":263,"caption":"Kjellander Sj\u00f6berg"},"image":{"@id":"https:\/\/kjellandersjoberg.se\/en\/#\/schema\/logo\/image\/"},"sameAs":["https:\/\/www.facebook.com\/KjellanderSjoberg\/","https:\/\/x.com\/ksark_","https:\/\/www.instagram.com\/kjellandersjoberg\/","https:\/\/www.linkedin.com\/company\/605832\/admin\/","https:\/\/www.pinterest.se\/kjellandersjobe\/","https:\/\/vimeo.com\/kjellandersjoberg"]},{"@type":"Person","@id":"https:\/\/kjellandersjoberg.se\/en\/#\/schema\/person\/01b33480a784a65db8bd88430ec43d9b","name":"Jakub J\u00edlek","url":"https:\/\/kjellandersjoberg.se\/en\/posts\/author\/jakub-j\/"}]}},"_links":{"self":[{"href":"https:\/\/kjellandersjoberg.se\/en\/wp-json\/wp\/v2\/posts\/23021","targetHints":{"allow":["GET"]}}],"collection":[{"href":"https:\/\/kjellandersjoberg.se\/en\/wp-json\/wp\/v2\/posts"}],"about":[{"href":"https:\/\/kjellandersjoberg.se\/en\/wp-json\/wp\/v2\/types\/post"}],"author":[{"embeddable":true,"href":"https:\/\/kjellandersjoberg.se\/en\/wp-json\/wp\/v2\/users\/8"}],"replies":[{"embeddable":true,"href":"https:\/\/kjellandersjoberg.se\/en\/wp-json\/wp\/v2\/comments?post=23021"}],"version-history":[{"count":2,"href":"https:\/\/kjellandersjoberg.se\/en\/wp-json\/wp\/v2\/posts\/23021\/revisions"}],"predecessor-version":[{"id":23071,"href":"https:\/\/kjellandersjoberg.se\/en\/wp-json\/wp\/v2\/posts\/23021\/revisions\/23071"}],"wp:featuredmedia":[{"embeddable":true,"href":"https:\/\/kjellandersjoberg.se\/en\/wp-json\/wp\/v2\/media\/23019"}],"wp:attachment":[{"href":"https:\/\/kjellandersjoberg.se\/en\/wp-json\/wp\/v2\/media?parent=23021"}],"curies":[{"name":"wp","href":"https:\/\/api.w.org\/{rel}","templated":true}]}}